{"id":150689,"date":"2026-03-16T06:53:01","date_gmt":"2026-03-16T06:53:01","guid":{"rendered":"https:\/\/dextera.lt\/naujiena-jusu-terasai-terrea-k55-kasetine-markize\/"},"modified":"2026-08-31T10:24:53","modified_gmt":"2026-08-31T10:24:53","slug":"naujiena-jusu-terasai-terrea-k55-kasetine-markize","status":"publish","type":"post","link":"https:\/\/dextera.lt\/fr\/nouveautes\/nouveaute-pour-votre-terrasse-store-banne-coffre-terrea-k55\/","title":{"rendered":"Nouveau : le store banne coffre Terrea K55 pour votre terrasse"},"content":{"rendered":"<p data-start=\"0\" data-end=\"608\">Dans l\u2019architecture contemporaine, la terrasse ou le balcon devient de plus en plus souvent non seulement un espace suppl\u00e9mentaire, mais une v\u00e9ritable extension de la maison. Pour en profiter confortablement aussi bien lors des chaudes journ\u00e9es d\u2019\u00e9t\u00e9 que pendant les soir\u00e9es conviviales, il est essentiel de choisir une solution offrant ombrage, confort et harmonie esth\u00e9tique. Le <strong data-start=\"381\" data-end=\"414\">store banne coffre Terrea K55<\/strong> a \u00e9t\u00e9 con\u00e7u pr\u00e9cis\u00e9ment pour ce mode de vie : il s\u2019int\u00e8gre parfaitement aux environnements modernes, propose des fonctionnalit\u00e9s avanc\u00e9es et permet de profiter pleinement de l\u2019espace ext\u00e9rieur.<\/p>\n<p data-start=\"610\" data-end=\"930\">Le <strong data-start=\"613\" data-end=\"627\">Terrea K55<\/strong> se distingue par sa forme \u00e9l\u00e9gante et visuellement l\u00e9g\u00e8re, associant des lignes \u00e9pur\u00e9es \u00e0 des \u00e9l\u00e9ments d\u00e9licatement arrondis. Cet \u00e9quilibre lui permet de s\u2019int\u00e9grer harmonieusement \u00e0 diff\u00e9rents styles architecturaux, des maisons neuves minimalistes aux b\u00e2timents r\u00e9nov\u00e9s ou de caract\u00e8re plus classique.<\/p>\n<p data-start=\"932\" data-end=\"1233\">Gr\u00e2ce \u00e0 sa conception discr\u00e8te, ce <strong data-start=\"967\" data-end=\"988\">store de terrasse<\/strong> peut \u00eatre int\u00e9gr\u00e9 de mani\u00e8re \u00e0 pr\u00e9server l\u2019esth\u00e9tique de la fa\u00e7ade ou, au contraire, devenir un \u00e9l\u00e9ment ext\u00e9rieur \u00e9l\u00e9gant. La qualit\u00e9 de son design a \u00e9galement \u00e9t\u00e9 r\u00e9compens\u00e9e \u00e0 l\u2019\u00e9chelle internationale par le <strong data-start=\"1199\" data-end=\"1232\">\u00ab Best of Design Award 2024 \u00bb<\/strong>.<\/p>\n<h2 data-section-id=\"102o2qe\" data-start=\"1235\" data-end=\"1291\">Un \u00e9clairage qui cr\u00e9e une ambiance agr\u00e9able en soir\u00e9e<\/h2>\n<p data-start=\"1293\" data-end=\"1567\">L\u2019un des principaux atouts du <strong data-start=\"1323\" data-end=\"1343\">store Terrea K55<\/strong> r\u00e9side dans ses bandes LED int\u00e9gr\u00e9es. Install\u00e9es dans le coffre et la barre de charge, elles permettent au store non seulement de prot\u00e9ger du soleil, mais aussi de cr\u00e9er une atmosph\u00e8re chaleureuse sur la terrasse en soir\u00e9e.<\/p>\n<p data-start=\"1569\" data-end=\"1942\" data-is-last-node=\"\" data-is-only-node=\"\">Cette solution d\u2019\u00e9clairage est particuli\u00e8rement adapt\u00e9e \u00e0 ceux qui souhaitent profiter de leur espace ext\u00e9rieur aussi bien pendant la journ\u00e9e qu\u2019apr\u00e8s la tomb\u00e9e de la nuit. L\u2019un des grands avantages de ce mod\u00e8le est que <strong data-start=\"1789\" data-end=\"1859\">l\u2019\u00e9clairage LED peut \u00eatre utilis\u00e9 m\u00eame lorsque le store est repli\u00e9<\/strong>, afin que la terrasse reste agr\u00e9able et fonctionnelle \u00e0 tout moment de la journ\u00e9e.<\/p>\n<div id='gallery-1' class='gallery galleryid-150689 gallery-columns-2 gallery-size-medium'><figure class='gallery-item'>\n\t\t\t<div class='gallery-icon landscape'>\n\t\t\t\t<img decoding=\"async\" width=\"300\" height=\"237\" src=\"https:\/\/dextera.lt\/wp-content\/uploads\/2025\/02\/K55-LED-apsvietimas-300x237.jpg\" class=\"attachment-medium size-medium\" alt=\"K55 LED ap\u0161vietimas\" srcset=\"https:\/\/dextera.lt\/wp-content\/uploads\/2025\/02\/K55-LED-apsvietimas-300x237.jpg 300w, https:\/\/dextera.lt\/wp-content\/uploads\/2025\/02\/K55-LED-apsvietimas-768x607.jpg 768w, https:\/\/dextera.lt\/wp-content\/uploads\/2025\/02\/K55-LED-apsvietimas-160x127.jpg 160w, https:\/\/dextera.lt\/wp-content\/uploads\/2025\/02\/K55-LED-apsvietimas-750x593.jpg 750w, https:\/\/dextera.lt\/wp-content\/uploads\/2025\/02\/K55-LED-apsvietimas.jpg 913w\" sizes=\"auto, (max-width: 300px) 100vw, 300px\" loading=\"lazy\" \/>\n\t\t\t<\/div><\/figure><figure class='gallery-item'>\n\t\t\t<div class='gallery-icon landscape'>\n\t\t\t\t<img decoding=\"async\" width=\"300\" height=\"227\" src=\"https:\/\/dextera.lt\/wp-content\/uploads\/2025\/02\/TERREA-K55-LED-300x227.jpg\" class=\"attachment-medium size-medium\" alt=\"TERREA K55 LED\" srcset=\"https:\/\/dextera.lt\/wp-content\/uploads\/2025\/02\/TERREA-K55-LED-300x227.jpg 300w, https:\/\/dextera.lt\/wp-content\/uploads\/2025\/02\/TERREA-K55-LED-768x582.jpg 768w, https:\/\/dextera.lt\/wp-content\/uploads\/2025\/02\/TERREA-K55-LED-160x121.jpg 160w, https:\/\/dextera.lt\/wp-content\/uploads\/2025\/02\/TERREA-K55-LED-750x568.jpg 750w, https:\/\/dextera.lt\/wp-content\/uploads\/2025\/02\/TERREA-K55-LED.jpg 908w\" sizes=\"auto, (max-width: 300px) 100vw, 300px\" loading=\"lazy\" \/>\n\t\t\t<\/div><\/figure>\n\t\t<\/div>\n\n<h2 class=\"PDq2pG_selectionAnchorContainer\" data-section-id=\"zatn2\" data-start=\"0\" data-end=\"60\">Plus d\u2019intimit\u00e9 et une protection contre le soleil rasant<\/h2>\n<p data-start=\"62\" data-end=\"396\">Pour profiter pleinement de sa terrasse, il est important de b\u00e9n\u00e9ficier non seulement d\u2019une protection solaire par le haut, mais aussi d\u2019une protection contre les rayons du soleil rasant. Le <strong data-start=\"253\" data-end=\"267\">Terrea K55<\/strong> peut \u00eatre \u00e9quip\u00e9 d\u2019un lambrequin d\u00e9roulable vertical int\u00e9gr\u00e9, qui contribue \u00e0 r\u00e9duire l\u2019\u00e9blouissement et \u00e0 renforcer l\u2019intimit\u00e9.<\/p>\n<p data-start=\"398\" data-end=\"717\">Cette solution est particuli\u00e8rement pratique pour les terrasses orient\u00e9es \u00e0 l\u2019ouest ou au sud-ouest, o\u00f9 le soleil de fin de journ\u00e9e peut consid\u00e9rablement nuire au confort. Cette protection suppl\u00e9mentaire permet de profiter plus longtemps de l\u2019espace ext\u00e9rieur tout en cr\u00e9ant une atmosph\u00e8re plus agr\u00e9able et plus intime.<\/p>\n<h2 data-section-id=\"b8upuu\" data-start=\"719\" data-end=\"768\">Commande automatique pour un confort quotidien<\/h2>\n<p data-start=\"770\" data-end=\"1013\" data-is-last-node=\"\" data-is-only-node=\"\">Le <strong data-start=\"773\" data-end=\"808\">store banne motoris\u00e9 Terrea K55<\/strong> est con\u00e7u pour offrir une utilisation simple et intuitive. Gr\u00e2ce \u00e0 son moteur \u00e9lectrique, il peut \u00eatre command\u00e9 rapidement et facilement : il suffit d\u2019appuyer sur un bouton pour le d\u00e9ployer ou le replier.<\/p>\n<div id='gallery-2' class='gallery galleryid-150689 gallery-columns-1 gallery-size-large'><figure class='gallery-item'>\n\t\t\t<div class='gallery-icon landscape'>\n\t\t\t\t<img decoding=\"async\" width=\"640\" height=\"455\" src=\"https:\/\/dextera.lt\/wp-content\/uploads\/2026\/03\/Capture-1024x728.jpg\" class=\"attachment-large size-large\" alt=\"Terasin\u0117 markiz\u0117 K55\" srcset=\"https:\/\/dextera.lt\/wp-content\/uploads\/2026\/03\/Capture-1024x728.jpg 1024w, https:\/\/dextera.lt\/wp-content\/uploads\/2026\/03\/Capture-300x213.jpg 300w, https:\/\/dextera.lt\/wp-content\/uploads\/2026\/03\/Capture-768x546.jpg 768w, https:\/\/dextera.lt\/wp-content\/uploads\/2026\/03\/Capture-160x114.jpg 160w, https:\/\/dextera.lt\/wp-content\/uploads\/2026\/03\/Capture-750x533.jpg 750w, https:\/\/dextera.lt\/wp-content\/uploads\/2026\/03\/Capture.jpg 1300w\" sizes=\"auto, (max-width: 640px) 100vw, 640px\" loading=\"lazy\" \/>\n\t\t\t<\/div><\/figure>\n\t\t<\/div>\n\n<p data-start=\"0\" data-end=\"323\">La possibilit\u00e9 d\u2019int\u00e9grer le store aux syst\u00e8mes domotiques offre encore plus de confort. Des solutions compl\u00e9mentaires, telles que la commande \u00e0 distance ou les capteurs de vent, permettent d\u2019automatiser son fonctionnement et d\u2019am\u00e9liorer la s\u00e9curit\u00e9 d\u2019utilisation, notamment lorsque les conditions m\u00e9t\u00e9orologiques changent.<\/p>\n<h2 data-section-id=\"1sxtmfj\" data-start=\"325\" data-end=\"379\">Une construction robuste et une longue dur\u00e9e de vie<\/h2>\n<p data-start=\"381\" data-end=\"729\">Le <strong data-start=\"384\" data-end=\"417\">store banne coffre Terrea K55<\/strong> se distingue par sa construction fiable et ses mat\u00e9riaux de haute qualit\u00e9, con\u00e7us pour une utilisation durable. Le solide coffre en aluminium prot\u00e8ge la toile de la pluie, de la poussi\u00e8re et des autres agressions ext\u00e9rieures, permettant ainsi au store de conserver longtemps son esth\u00e9tique et sa fonctionnalit\u00e9.<\/p>\n<p data-start=\"731\" data-end=\"920\">Ce mod\u00e8le peut \u00eatre fabriqu\u00e9 jusqu\u2019\u00e0 <strong data-start=\"768\" data-end=\"786\">6 m de largeur<\/strong> et <strong data-start=\"790\" data-end=\"809\">3,5 m d\u2019avanc\u00e9e<\/strong>, ce qui le rend parfaitement adapt\u00e9 aussi bien aux terrasses et balcons compacts qu\u2019aux espaces plus g\u00e9n\u00e9reux.<\/p>\n<h2 data-section-id=\"5qk8p0\" data-start=\"922\" data-end=\"976\">Un vaste choix pour une personnalisation sur mesure<\/h2>\n<p data-start=\"978\" data-end=\"1302\">Chaque terrasse \u00e9tant diff\u00e9rente, le <strong data-start=\"1015\" data-end=\"1029\">Terrea K55<\/strong> offre de nombreuses possibilit\u00e9s de personnalisation. Vous pouvez choisir parmi une vari\u00e9t\u00e9 de toiles, de finitions de structure et de coloris afin que le store s\u2019accorde parfaitement avec la fa\u00e7ade, les fen\u00eatres, le mobilier ext\u00e9rieur ou le style g\u00e9n\u00e9ral de l\u2019habitation.<\/p>\n<p data-start=\"1304\" data-end=\"1600\" data-is-last-node=\"\" data-is-only-node=\"\">La possibilit\u00e9 de choisir diff\u00e9rentes teintes pour la structure dans la palette <strong data-start=\"1384\" data-end=\"1407\">WAREMA Colour World<\/strong> offre une libert\u00e9 suppl\u00e9mentaire. La vaste s\u00e9lection de couleurs permet de cr\u00e9er aussi bien une solution discr\u00e8te et harmonieusement int\u00e9gr\u00e9e \u00e0 l\u2019architecture qu\u2019un accent visuel plus affirm\u00e9.<\/p>\n<div id='gallery-3' class='gallery galleryid-150689 gallery-columns-3 gallery-size-medium'><figure class='gallery-item'>\n\t\t\t<div class='gallery-icon landscape'>\n\t\t\t\t<img decoding=\"async\" width=\"300\" height=\"300\" src=\"https:\/\/dextera.lt\/wp-content\/uploads\/2026\/03\/4-1-300x300.jpg\" class=\"attachment-medium size-medium\" alt=\"Warema\" srcset=\"https:\/\/dextera.lt\/wp-content\/uploads\/2026\/03\/4-1-300x300.jpg 300w, https:\/\/dextera.lt\/wp-content\/uploads\/2026\/03\/4-1-1024x1024.jpg 1024w, https:\/\/dextera.lt\/wp-content\/uploads\/2026\/03\/4-1-150x150.jpg 150w, https:\/\/dextera.lt\/wp-content\/uploads\/2026\/03\/4-1-768x768.jpg 768w, https:\/\/dextera.lt\/wp-content\/uploads\/2026\/03\/4-1-160x160.jpg 160w, https:\/\/dextera.lt\/wp-content\/uploads\/2026\/03\/4-1-750x750.jpg 750w, https:\/\/dextera.lt\/wp-content\/uploads\/2026\/03\/4-1.jpg 1200w\" sizes=\"auto, (max-width: 300px) 100vw, 300px\" loading=\"lazy\" \/>\n\t\t\t<\/div><\/figure><figure class='gallery-item'>\n\t\t\t<div class='gallery-icon landscape'>\n\t\t\t\t<img decoding=\"async\" width=\"300\" height=\"300\" src=\"https:\/\/dextera.lt\/wp-content\/uploads\/2026\/03\/5-2-300x300.jpg\" class=\"attachment-medium size-medium\" alt=\"Markiz\u0117s kaset\u0117s spalvos\" srcset=\"https:\/\/dextera.lt\/wp-content\/uploads\/2026\/03\/5-2-300x300.jpg 300w, https:\/\/dextera.lt\/wp-content\/uploads\/2026\/03\/5-2-1024x1024.jpg 1024w, https:\/\/dextera.lt\/wp-content\/uploads\/2026\/03\/5-2-150x150.jpg 150w, https:\/\/dextera.lt\/wp-content\/uploads\/2026\/03\/5-2-768x768.jpg 768w, https:\/\/dextera.lt\/wp-content\/uploads\/2026\/03\/5-2-160x160.jpg 160w, https:\/\/dextera.lt\/wp-content\/uploads\/2026\/03\/5-2-750x750.jpg 750w, https:\/\/dextera.lt\/wp-content\/uploads\/2026\/03\/5-2.jpg 1200w\" sizes=\"auto, (max-width: 300px) 100vw, 300px\" loading=\"lazy\" \/>\n\t\t\t<\/div><\/figure><figure class='gallery-item'>\n\t\t\t<div class='gallery-icon landscape'>\n\t\t\t\t<img decoding=\"async\" width=\"300\" height=\"300\" src=\"https:\/\/dextera.lt\/wp-content\/uploads\/2026\/03\/6-1-300x300.jpg\" class=\"attachment-medium size-medium\" alt=\"Markiz\u0117s kaset\u0117\" srcset=\"https:\/\/dextera.lt\/wp-content\/uploads\/2026\/03\/6-1-300x300.jpg 300w, https:\/\/dextera.lt\/wp-content\/uploads\/2026\/03\/6-1-1024x1024.jpg 1024w, https:\/\/dextera.lt\/wp-content\/uploads\/2026\/03\/6-1-150x150.jpg 150w, https:\/\/dextera.lt\/wp-content\/uploads\/2026\/03\/6-1-768x768.jpg 768w, https:\/\/dextera.lt\/wp-content\/uploads\/2026\/03\/6-1-160x160.jpg 160w, https:\/\/dextera.lt\/wp-content\/uploads\/2026\/03\/6-1-750x750.jpg 750w, https:\/\/dextera.lt\/wp-content\/uploads\/2026\/03\/6-1.jpg 1200w\" sizes=\"auto, (max-width: 300px) 100vw, 300px\" loading=\"lazy\" \/>\n\t\t\t<\/div><\/figure>\n\t\t<\/div>\n\n<h2 data-section-id=\"19m31aj\" data-start=\"0\" data-end=\"48\">L\u2019expertise de WAREMA et la qualit\u00e9 allemande<\/h2>\n<p data-start=\"50\" data-end=\"378\">Le <strong data-start=\"53\" data-end=\"67\">Terrea K55<\/strong> a \u00e9t\u00e9 con\u00e7u par le fabricant allemand <strong data-start=\"106\" data-end=\"116\">WAREMA<\/strong>, l\u2019un des acteurs les plus reconnus en Europe dans le domaine des solutions de protection solaire. Forte de plus de 60 ans d\u2019exp\u00e9rience, l\u2019entreprise est r\u00e9put\u00e9e pour ses technologies avanc\u00e9es, la fiabilit\u00e9 de ses constructions et ses normes de qualit\u00e9 \u00e9lev\u00e9es.<\/p>\n<p data-start=\"380\" data-end=\"651\" data-is-last-node=\"\" data-is-only-node=\"\">Choisir le <strong data-start=\"391\" data-end=\"412\">WAREMA Terrea K55<\/strong>, c\u2019est opter non seulement pour une solution moderne et esth\u00e9tique destin\u00e9e \u00e0 la terrasse, mais aussi pour un produit d\u00e9velopp\u00e9 gr\u00e2ce \u00e0 un savoir-faire de longue date, \u00e0 l\u2019innovation et \u00e0 une attention particuli\u00e8re port\u00e9e \u00e0 la durabilit\u00e9.<\/p>\n","protected":false},"excerpt":{"rendered":"<p>Dans l\u2019architecture contemporaine, la terrasse ou le balcon devient de plus en plus souvent non seulement un espace suppl\u00e9mentaire, mais une v\u00e9ritable extension de la maison. Pour en profiter confortablement aussi bien lors des chaudes journ\u00e9es d\u2019\u00e9t\u00e9 que pendant les soir\u00e9es conviviales, il est essentiel de choisir une solution offrant ombrage, confort et harmonie esth\u00e9tique. [&#8230;]<\/p>\n<p><a class=\"btn btn-secondary understrap-read-more-link\" href=\"https:\/\/dextera.lt\/fr\/nouveautes\/nouveaute-pour-votre-terrasse-store-banne-coffre-terrea-k55\/\">Lire la suite&#8230;<\/a><\/p>\n","protected":false},"author":9,"featured_media":140660,"comment_status":"closed","ping_status":"closed","sticky":false,"template":"","format":"standard","meta":{"_acf_changed":false,"inline_featured_image":false,"wds_primary_category":0,"footnotes":""},"categories":[180],"tags":[],"class_list":["post-150689","post","type-post","status-publish","format-standard","has-post-thumbnail","hentry","category-nouveautes"],"acf":[],"_links":{"self":[{"href":"https:\/\/dextera.lt\/fr\/wp-json\/wp\/v2\/posts\/150689","targetHints":{"allow":["GET"]}}],"collection":[{"href":"https:\/\/dextera.lt\/fr\/wp-json\/wp\/v2\/posts"}],"about":[{"href":"https:\/\/dextera.lt\/fr\/wp-json\/wp\/v2\/types\/post"}],"author":[{"embeddable":true,"href":"https:\/\/dextera.lt\/fr\/wp-json\/wp\/v2\/users\/9"}],"replies":[{"embeddable":true,"href":"https:\/\/dextera.lt\/fr\/wp-json\/wp\/v2\/comments?post=150689"}],"version-history":[{"count":3,"href":"https:\/\/dextera.lt\/fr\/wp-json\/wp\/v2\/posts\/150689\/revisions"}],"predecessor-version":[{"id":150692,"href":"https:\/\/dextera.lt\/fr\/wp-json\/wp\/v2\/posts\/150689\/revisions\/150692"}],"wp:featuredmedia":[{"embeddable":true,"href":"https:\/\/dextera.lt\/fr\/wp-json\/wp\/v2\/media\/140660"}],"wp:attachment":[{"href":"https:\/\/dextera.lt\/fr\/wp-json\/wp\/v2\/media?parent=150689"}],"wp:term":[{"taxonomy":"category","embeddable":true,"href":"https:\/\/dextera.lt\/fr\/wp-json\/wp\/v2\/categories?post=150689"},{"taxonomy":"post_tag","embeddable":true,"href":"https:\/\/dextera.lt\/fr\/wp-json\/wp\/v2\/tags?post=150689"}],"curies":[{"name":"wp","href":"https:\/\/api.w.org\/{rel}","templated":true}]}}