{"id":150644,"date":"2026-01-29T07:30:44","date_gmt":"2026-01-29T07:30:44","guid":{"rendered":"https:\/\/dextera.lt\/dextera-svencia-30-metu-veiklos-jubilieju-nuo-ko-viskas-prasidejo\/"},"modified":"2026-08-31T05:40:46","modified_gmt":"2026-08-31T05:40:46","slug":"dextera-svencia-30-metu-veiklos-jubilieju-nuo-ko-viskas-prasidejo","status":"publish","type":"post","link":"https:\/\/dextera.lt\/fr\/nouveautes\/dextera-30e-anniversaire\/","title":{"rendered":"30e anniversaire de DEXTERA : comment tout a commenc\u00e9 ?"},"content":{"rendered":"<p style=\"text-align: right;\"><em>30 ans de croissance : entretien avec \u017didr\u016bnas Gar\u0161va, directeur g\u00e9n\u00e9ral d\u2019UAB DEXTERA.<\/em><\/p>\n<p data-start=\"0\" data-end=\"662\">L\u2019histoire de DEXTERA a commenc\u00e9 en 1996, alors que le march\u00e9 lituanien des solutions de protection solaire \u00e9tait encore en pleine \u00e9mergence. \u00c0 cette \u00e9poque, nous avons \u00e9t\u00e9 parmi les premi\u00e8res entreprises \u00e0 fabriquer des stores v\u00e9nitiens en aluminium. C\u2019\u00e9tait une d\u00e9cision audacieuse, mais m\u00fbrement r\u00e9fl\u00e9chie : nous avions identifi\u00e9 un besoin de solutions d\u2019habillage des fen\u00eatres fonctionnelles et de qualit\u00e9, et nous \u00e9tions convaincus que ce march\u00e9 conna\u00eetrait une croissance rapide en Lituanie. D\u00e8s le d\u00e9but, nous avons mis l\u2019accent sur la qualit\u00e9, la fiabilit\u00e9 et la valeur \u00e0 long terme. Ces principes sont devenus le fondement solide de notre d\u00e9veloppement.<\/p>\n<h6 data-start=\"664\" data-end=\"751\"><span role=\"text\"><strong data-start=\"671\" data-end=\"751\">Comment DEXTERA et sa gamme de produits ont-elles \u00e9volu\u00e9 au fil des ann\u00e9es ?<\/strong><\/span><\/h6>\n<p data-start=\"753\" data-end=\"1114\">Aujourd\u2019hui, pour beaucoup, le nom DEXTERA est avant tout associ\u00e9 aux stores enrouleurs et aux stores v\u00e9nitiens. Nous consid\u00e9rons cela comme une preuve importante de la forte notori\u00e9t\u00e9 de notre marque sur le march\u00e9. Cependant, en pr\u00e8s de trois d\u00e9cennies, nos activit\u00e9s se sont consid\u00e9rablement d\u00e9velopp\u00e9es et notre gamme de produits s\u2019est largement diversifi\u00e9e.<\/p>\n<p data-start=\"1116\" data-end=\"1622\">D\u2019un fabricant sp\u00e9cialis\u00e9 dans un seul produit, nous sommes devenus une entreprise proposant des solutions compl\u00e8tes de protection solaire pour l\u2019int\u00e9rieur comme pour l\u2019ext\u00e9rieur. Notre gamme comprend aujourd\u2019hui plusieurs types de stores enrouleurs, diff\u00e9rents mod\u00e8les de stores, des rideaux, des moustiquaires, ainsi que des volets roulants ext\u00e9rieurs, des brise-soleil orientables, des lames de fa\u00e7ade, des volets de s\u00e9curit\u00e9, des portes de garage, des stores de terrasse et des pergolas bioclimatiques.<\/p>\n<p data-start=\"1624\" data-end=\"1805\">Parall\u00e8lement, nous avons d\u00e9velopp\u00e9 des solutions de commande automatis\u00e9es r\u00e9pondant aux attentes actuelles des clients en mati\u00e8re de confort, d\u2019efficacit\u00e9 \u00e9nerg\u00e9tique et de design.<\/p>\n<h6 data-start=\"1807\" data-end=\"1931\"><span role=\"text\"><strong data-start=\"1814\" data-end=\"1931\">Comment avez-vous r\u00e9ussi \u00e0 vous maintenir et \u00e0 vous d\u00e9velopper pendant 30 ans sur un march\u00e9 aussi concurrentiel ?<\/strong><\/span><\/h6>\n<p data-start=\"1933\" data-end=\"2300\">Je pense que les facteurs essentiels ont \u00e9t\u00e9 la constance et la capacit\u00e9 d\u2019adaptation. Le march\u00e9 a travers\u00e9 plusieurs crises au fil des ann\u00e9es, mais nous n\u2019avons jamais sacrifi\u00e9 la qualit\u00e9 au profit de gains \u00e0 court terme. Nous avons investi dans les technologies, notre \u00e9quipe, nos processus ainsi que dans des relations durables avec nos clients et nos partenaires.<\/p>\n<p data-start=\"2302\" data-end=\"2504\" data-is-last-node=\"\" data-is-only-node=\"\">Le fait que 97 % de nos clients nous recommandent en est \u00e9galement la preuve. Une telle confiance ne peut \u00eatre gagn\u00e9e qu\u2019en travaillant de mani\u00e8re responsable et en privil\u00e9giant une vision \u00e0 long terme.<\/p>\n<div id='gallery-1' class='gallery galleryid-150644 gallery-columns-1 gallery-size-full'><figure class='gallery-item'>\n\t\t\t<div class='gallery-icon landscape'>\n\t\t\t\t<img decoding=\"async\" width=\"1440\" height=\"960\" src=\"https:\/\/dextera.lt\/wp-content\/uploads\/2026\/01\/DEXTERA-salonas-e1782214216771.jpg\" class=\"attachment-full size-full\" alt=\"DEXTERA salonas\" loading=\"lazy\" \/>\n\t\t\t<\/div><\/figure>\n\t\t<\/div>\n\n<h6 data-start=\"0\" data-end=\"126\"><span role=\"text\"><strong data-start=\"7\" data-end=\"126\">DEXTERA est souvent pr\u00e9sent\u00e9e comme un partenaire des architectes et des designers. Pourquoi vous choisissent-ils ?<\/strong><\/span><\/h6>\n<p data-start=\"128\" data-end=\"385\">Nous accordons une grande importance \u00e0 notre collaboration avec les architectes et les designers d\u2019int\u00e9rieur, car nous comprenons qu\u2019aujourd\u2019hui, les solutions d\u2019habillage des fen\u00eatres font partie int\u00e9grante de l\u2019architecture et de la d\u00e9coration int\u00e9rieure.<\/p>\n<p data-start=\"387\" data-end=\"659\">Nous proposons non seulement une large gamme de produits, mais \u00e9galement des conseils techniques. Nous faisons preuve de flexibilit\u00e9 pour adapter des solutions sur mesure complexes et s\u00e9lectionner des mat\u00e9riaux permettant d\u2019allier esth\u00e9tique, fonctionnalit\u00e9 et durabilit\u00e9.<\/p>\n<p data-start=\"661\" data-end=\"770\" data-is-last-node=\"\" data-is-only-node=\"\">Notre objectif est d\u2019aider nos partenaires \u00e0 concr\u00e9tiser leurs id\u00e9es, et non simplement de vendre un produit.<\/p>\n<div id='gallery-2' class='gallery galleryid-150644 gallery-columns-3 gallery-size-medium'><figure class='gallery-item'>\n\t\t\t<div class='gallery-icon landscape'>\n\t\t\t\t<img decoding=\"async\" width=\"300\" height=\"157\" src=\"https:\/\/dextera.lt\/wp-content\/uploads\/2026\/01\/1200x1200-melynas-2-300x157.jpg\" class=\"attachment-medium size-medium\" alt=\"Jasinksio 2\" aria-describedby=\"gallery-2-139161\" srcset=\"https:\/\/dextera.lt\/wp-content\/uploads\/2026\/01\/1200x1200-melynas-2-300x157.jpg 300w, https:\/\/dextera.lt\/wp-content\/uploads\/2026\/01\/1200x1200-melynas-2-1024x536.jpg 1024w, https:\/\/dextera.lt\/wp-content\/uploads\/2026\/01\/1200x1200-melynas-2-768x402.jpg 768w, https:\/\/dextera.lt\/wp-content\/uploads\/2026\/01\/1200x1200-melynas-2-160x84.jpg 160w, https:\/\/dextera.lt\/wp-content\/uploads\/2026\/01\/1200x1200-melynas-2-750x393.jpg 750w, https:\/\/dextera.lt\/wp-content\/uploads\/2026\/01\/1200x1200-melynas-2.jpg 1200w\" sizes=\"auto, (max-width: 300px) 100vw, 300px\" loading=\"lazy\" \/>\n\t\t\t<\/div>\n\t\t\t\t<figcaption class='wp-caption-text gallery-caption' id='gallery-2-139161'>\n\t\t\t\tCentre d\u2019affaires JASINSKIO 2\n\t\t\t\t<\/figcaption><\/figure><figure class='gallery-item'>\n\t\t\t<div class='gallery-icon landscape'>\n\t\t\t\t<img decoding=\"async\" width=\"300\" height=\"157\" src=\"https:\/\/dextera.lt\/wp-content\/uploads\/2026\/01\/1200x1200-melynas-300x157.jpg\" class=\"attachment-medium size-medium\" alt=\"FLOW\" aria-describedby=\"gallery-2-139171\" srcset=\"https:\/\/dextera.lt\/wp-content\/uploads\/2026\/01\/1200x1200-melynas-300x157.jpg 300w, https:\/\/dextera.lt\/wp-content\/uploads\/2026\/01\/1200x1200-melynas-1024x536.jpg 1024w, https:\/\/dextera.lt\/wp-content\/uploads\/2026\/01\/1200x1200-melynas-768x402.jpg 768w, https:\/\/dextera.lt\/wp-content\/uploads\/2026\/01\/1200x1200-melynas-160x84.jpg 160w, https:\/\/dextera.lt\/wp-content\/uploads\/2026\/01\/1200x1200-melynas-750x393.jpg 750w, https:\/\/dextera.lt\/wp-content\/uploads\/2026\/01\/1200x1200-melynas.jpg 1200w\" sizes=\"auto, (max-width: 300px) 100vw, 300px\" loading=\"lazy\" \/>\n\t\t\t<\/div>\n\t\t\t\t<figcaption class='wp-caption-text gallery-caption' id='gallery-2-139171'>\n\t\t\t\tCentre d\u2019affaires FLOW\n\t\t\t\t<\/figcaption><\/figure><figure class='gallery-item'>\n\t\t\t<div class='gallery-icon landscape'>\n\t\t\t\t<img decoding=\"async\" width=\"300\" height=\"157\" src=\"https:\/\/dextera.lt\/wp-content\/uploads\/2026\/01\/1200x1200-melynas-3-300x157.jpg\" class=\"attachment-medium size-medium\" alt=\"Klaip\u0117dos muzikinis tatras\" aria-describedby=\"gallery-2-139166\" srcset=\"https:\/\/dextera.lt\/wp-content\/uploads\/2026\/01\/1200x1200-melynas-3-300x157.jpg 300w, https:\/\/dextera.lt\/wp-content\/uploads\/2026\/01\/1200x1200-melynas-3-1024x536.jpg 1024w, https:\/\/dextera.lt\/wp-content\/uploads\/2026\/01\/1200x1200-melynas-3-768x402.jpg 768w, https:\/\/dextera.lt\/wp-content\/uploads\/2026\/01\/1200x1200-melynas-3-160x84.jpg 160w, https:\/\/dextera.lt\/wp-content\/uploads\/2026\/01\/1200x1200-melynas-3-750x393.jpg 750w, https:\/\/dextera.lt\/wp-content\/uploads\/2026\/01\/1200x1200-melynas-3.jpg 1200w\" sizes=\"auto, (max-width: 300px) 100vw, 300px\" loading=\"lazy\" \/>\n\t\t\t<\/div>\n\t\t\t\t<figcaption class='wp-caption-text gallery-caption' id='gallery-2-139166'>\n\t\t\t\tTh\u00e9\u00e2tre musical d\u2019\u00c9tat de Klaip\u0117da\n\t\t\t\t<\/figcaption><\/figure>\n\t\t<\/div>\n\n<p>&nbsp;<\/p>\n<div class=\"\" data-turn-id-container=\"request-6a901505-18ac-83eb-8b5c-faef31604129-27\" data-is-intersecting=\"true\">\n<section class=\"text-token-text-primary w-full focus:outline-none has-data-writing-block:pointer-events-none [&amp;:has([data-writing-block])&gt;*]:pointer-events-auto R6Vx5W_threadScrollVars scroll-mb-[calc(var(--scroll-root-safe-area-inset-bottom,0px)+var(--thread-response-height))] scroll-mt-[calc(var(--header-height)+min(200px,max(70px,20svh)))]\" dir=\"auto\" data-turn-id=\"request-6a901505-18ac-83eb-8b5c-faef31604129-27\" data-turn-id-container=\"request-6a901505-18ac-83eb-8b5c-faef31604129-27\" data-testid=\"conversation-turn-60\" data-turn=\"assistant\">\n<div class=\"text-base my-auto mx-auto pb-8 [--thread-content-margin:var(--thread-content-margin-xs,calc(var(--spacing)*4))] @w-sm\/main:[--thread-content-margin:var(--thread-content-margin-sm,calc(var(--spacing)*6))] @w-lg\/main:[--thread-content-margin:var(--thread-content-margin-lg,calc(var(--spacing)*16))] px-(--thread-content-margin)\">\n<div class=\"[--thread-content-max-width:40rem] @w-lg\/main:[--thread-content-max-width:48rem] mx-auto max-w-(--thread-content-max-width) flex-1 group\/turn-messages focus-visible:outline-hidden @[53.5rem]\/main:[--thread-content-max-width:48rem] min-h-8 relative flex w-full min-w-0 flex-col agent-turn\" data-conversation-screenshot-content=\"\">\n<div class=\"flex max-w-full flex-col gap-4 grow\">\n<div class=\"min-h-8 text-message relative flex w-full flex-col items-end gap-2 text-start break-words whitespace-normal outline-none keyboard-focused:focus-ring [.text-message+&amp;]:mt-1\" dir=\"auto\" tabindex=\"0\" data-message-author-role=\"assistant\" data-message-id=\"f8360860-87b8-5d67-b412-3183130041f5\" data-message-model-slug=\"gpt-5.6-sol-wm\" data-turn-start-message=\"true\">\n<div class=\"flex w-full flex-col gap-1 empty:hidden\">\n<div class=\"fbskMG_root markdown prose dark:prose-invert wrap-break-word w-full light markdown-new-styling\">\n<h6 data-start=\"0\" data-end=\"69\"><span role=\"text\"><strong data-start=\"7\" data-end=\"69\">Quels projets illustrent le mieux l\u2019expertise de DEXTERA ?<\/strong><\/span><\/h6>\n<p data-start=\"71\" data-end=\"664\">Au fil des ann\u00e9es, DEXTERA a r\u00e9alis\u00e9 des centaines de projets d\u2019envergure en Lituanie et \u00e0 l\u2019\u00e9tranger. Les solutions de protection solaire de l\u2019entreprise ont notamment \u00e9t\u00e9 install\u00e9es dans le centre d\u2019affaires \u00ab 3 BUR\u0116S \u00bb \u00e0 Vilnius, ainsi que dans les b\u00e2timents \u00ab PENTA \u00bb, \u00ab Flow \u00bb, \u00ab Hero \u00bb, \u00ab Jasinskio 2 \u00bb et \u00ab Technopolis \u00bb, au Centre d\u2019innovation d\u2019Aleksotas \u00e0 Kaunas, \u00e0 l\u2019H\u00f4pital pour enfants de Santaros et au Th\u00e9\u00e2tre musical national de Klaip\u0117da, ainsi que dans les locaux de \u00ab Continental \u00bb, \u00ab Girteka \u00bb, \u00ab LIMEDIKA \u00bb, LIDL et dans de nombreux autres b\u00e2timents publics et commerciaux.<\/p>\n<p data-start=\"666\" data-end=\"989\" data-is-last-node=\"\" data-is-only-node=\"\">Ces projets t\u00e9moignent de l\u2019exp\u00e9rience de DEXTERA dans la r\u00e9alisation de projets de grande envergure et \u00e0 l\u2019architecture complexe, exigeant un haut niveau d\u2019expertise technique ainsi qu\u2019une \u00e9troite collaboration avec les architectes et les entrepreneurs. Cette capacit\u00e9 constitue l\u2019un des principaux atouts de l\u2019entreprise.<\/p>\n<\/div>\n<\/div>\n<\/div>\n<\/div>\n<\/div>\n<\/div>\n<\/section>\n<\/div>\n<div id='gallery-3' class='gallery galleryid-150644 gallery-columns-3 gallery-size-medium'><figure class='gallery-item'>\n\t\t\t<div class='gallery-icon portrait'>\n\t\t\t\t<img decoding=\"async\" width=\"169\" height=\"300\" src=\"https:\/\/dextera.lt\/wp-content\/uploads\/2026\/01\/Untitled-design1-169x300.jpg\" class=\"attachment-medium size-medium\" alt=\"Limedika\" aria-describedby=\"gallery-3-139128\" srcset=\"https:\/\/dextera.lt\/wp-content\/uploads\/2026\/01\/Untitled-design1-169x300.jpg 169w, https:\/\/dextera.lt\/wp-content\/uploads\/2026\/01\/Untitled-design1-576x1024.jpg 576w, https:\/\/dextera.lt\/wp-content\/uploads\/2026\/01\/Untitled-design1-768x1365.jpg 768w, https:\/\/dextera.lt\/wp-content\/uploads\/2026\/01\/Untitled-design1-864x1536.jpg 864w, https:\/\/dextera.lt\/wp-content\/uploads\/2026\/01\/Untitled-design1-90x160.jpg 90w, https:\/\/dextera.lt\/wp-content\/uploads\/2026\/01\/Untitled-design1-750x1333.jpg 750w, https:\/\/dextera.lt\/wp-content\/uploads\/2026\/01\/Untitled-design1.jpg 1080w\" sizes=\"auto, (max-width: 169px) 100vw, 169px\" loading=\"lazy\" \/>\n\t\t\t<\/div>\n\t\t\t\t<figcaption class='wp-caption-text gallery-caption' id='gallery-3-139128'>\n\t\t\t\tLIMEDIKA \n\t\t\t\t<\/figcaption><\/figure><figure class='gallery-item'>\n\t\t\t<div class='gallery-icon portrait'>\n\t\t\t\t<img decoding=\"async\" width=\"169\" height=\"300\" src=\"https:\/\/dextera.lt\/wp-content\/uploads\/2026\/01\/Untitled-design2-1-169x300.jpg\" class=\"attachment-medium size-medium\" alt=\"LIDL\" aria-describedby=\"gallery-3-139133\" srcset=\"https:\/\/dextera.lt\/wp-content\/uploads\/2026\/01\/Untitled-design2-1-169x300.jpg 169w, https:\/\/dextera.lt\/wp-content\/uploads\/2026\/01\/Untitled-design2-1-576x1024.jpg 576w, https:\/\/dextera.lt\/wp-content\/uploads\/2026\/01\/Untitled-design2-1-768x1365.jpg 768w, https:\/\/dextera.lt\/wp-content\/uploads\/2026\/01\/Untitled-design2-1-864x1536.jpg 864w, https:\/\/dextera.lt\/wp-content\/uploads\/2026\/01\/Untitled-design2-1-90x160.jpg 90w, https:\/\/dextera.lt\/wp-content\/uploads\/2026\/01\/Untitled-design2-1-750x1333.jpg 750w, https:\/\/dextera.lt\/wp-content\/uploads\/2026\/01\/Untitled-design2-1.jpg 1080w\" sizes=\"auto, (max-width: 169px) 100vw, 169px\" loading=\"lazy\" \/>\n\t\t\t<\/div>\n\t\t\t\t<figcaption class='wp-caption-text gallery-caption' id='gallery-3-139133'>\n\t\t\t\tLIDL Lietuva \n\t\t\t\t<\/figcaption><\/figure><figure class='gallery-item'>\n\t\t\t<div class='gallery-icon portrait'>\n\t\t\t\t<img decoding=\"async\" width=\"169\" height=\"300\" src=\"https:\/\/dextera.lt\/wp-content\/uploads\/2026\/01\/Untitled-design3-169x300.jpg\" class=\"attachment-medium size-medium\" alt=\"\" aria-describedby=\"gallery-3-139138\" srcset=\"https:\/\/dextera.lt\/wp-content\/uploads\/2026\/01\/Untitled-design3-169x300.jpg 169w, https:\/\/dextera.lt\/wp-content\/uploads\/2026\/01\/Untitled-design3-576x1024.jpg 576w, https:\/\/dextera.lt\/wp-content\/uploads\/2026\/01\/Untitled-design3-768x1365.jpg 768w, https:\/\/dextera.lt\/wp-content\/uploads\/2026\/01\/Untitled-design3-864x1536.jpg 864w, https:\/\/dextera.lt\/wp-content\/uploads\/2026\/01\/Untitled-design3-90x160.jpg 90w, https:\/\/dextera.lt\/wp-content\/uploads\/2026\/01\/Untitled-design3-750x1333.jpg 750w, https:\/\/dextera.lt\/wp-content\/uploads\/2026\/01\/Untitled-design3.jpg 1080w\" sizes=\"auto, (max-width: 169px) 100vw, 169px\" loading=\"lazy\" \/>\n\t\t\t<\/div>\n\t\t\t\t<figcaption class='wp-caption-text gallery-caption' id='gallery-3-139138'>\n\t\t\t\tCentre culturel de Kaunas\n\t\t\t\t<\/figcaption><\/figure>\n\t\t<\/div>\n\n<p data-start=\"0\" data-end=\"91\"><strong data-start=\"0\" data-end=\"91\">Quelle importance DEXTERA accorde-t-elle \u00e0 la durabilit\u00e9 et aux solutions \u00e9cologiques ?<\/strong><\/p>\n<p data-start=\"93\" data-end=\"724\">Aujourd\u2019hui, la durabilit\u00e9 n\u2019est plus un choix, mais une n\u00e9cessit\u00e9. C\u2019est pourquoi nous mettons activement en \u0153uvre des solutions \u00e9cologiques : nous utilisons des tissus purifiant l\u2019air, dont l\u2019efficacit\u00e9 technologique est confirm\u00e9e par des \u00e9tudes scientifiques, privil\u00e9gions des mat\u00e9riaux recyclables et recherchons continuellement des moyens de r\u00e9duire notre impact sur l\u2019environnement. Nous collaborons \u00e9galement avec des partenaires internationaux qui respectent les normes environnementales les plus strictes. Il s\u2019agit d\u2019un investissement non seulement dans notre entreprise, mais aussi dans l\u2019avenir des g\u00e9n\u00e9rations futures.<\/p>\n<h6 data-start=\"726\" data-end=\"862\"><span role=\"text\"><strong data-start=\"733\" data-end=\"862\">Comment DEXTERA envisage-t-elle son avenir apr\u00e8s 30 ans d\u2019activit\u00e9 et quelles sont aujourd\u2019hui ses principales orientations ?<\/strong><\/span><\/h6>\n<p data-start=\"864\" data-end=\"1355\" data-is-last-node=\"\" data-is-only-node=\"\">Nous envisageons l\u2019avenir de DEXTERA comme la continuit\u00e9 naturelle de notre longue exp\u00e9rience, fond\u00e9e sur un travail exigeant, notre capacit\u00e9 \u00e0 nous adapter rapidement aux \u00e9volutions du march\u00e9 et le respect de nos clients. Ce parcours repr\u00e9sente \u00e9galement une grande reconnaissance pour toute notre \u00e9quipe, pour toutes les personnes qui ont contribu\u00e9 \u00e0 cr\u00e9er, d\u00e9velopper et renforcer DEXTERA \u00e0 chaque \u00e9tape. Mais cette exp\u00e9rience implique aussi pour nous un engagement clair envers l\u2019avenir.<\/p>\n<div id='gallery-4' class='gallery galleryid-150644 gallery-columns-3 gallery-size-medium'><figure class='gallery-item'>\n\t\t\t<div class='gallery-icon landscape'>\n\t\t\t\t<img decoding=\"async\" width=\"300\" height=\"300\" src=\"https:\/\/dextera.lt\/wp-content\/uploads\/2026\/01\/1-1-300x300.jpg\" class=\"attachment-medium size-medium\" alt=\"\" srcset=\"https:\/\/dextera.lt\/wp-content\/uploads\/2026\/01\/1-1-300x300.jpg 300w, https:\/\/dextera.lt\/wp-content\/uploads\/2026\/01\/1-1-1024x1024.jpg 1024w, https:\/\/dextera.lt\/wp-content\/uploads\/2026\/01\/1-1-150x150.jpg 150w, https:\/\/dextera.lt\/wp-content\/uploads\/2026\/01\/1-1-768x768.jpg 768w, https:\/\/dextera.lt\/wp-content\/uploads\/2026\/01\/1-1-160x160.jpg 160w, https:\/\/dextera.lt\/wp-content\/uploads\/2026\/01\/1-1-750x750.jpg 750w, https:\/\/dextera.lt\/wp-content\/uploads\/2026\/01\/1-1.jpg 1200w\" sizes=\"auto, (max-width: 300px) 100vw, 300px\" loading=\"lazy\" \/>\n\t\t\t<\/div><\/figure><figure class='gallery-item'>\n\t\t\t<div class='gallery-icon landscape'>\n\t\t\t\t<img decoding=\"async\" width=\"300\" height=\"300\" src=\"https:\/\/dextera.lt\/wp-content\/uploads\/2026\/01\/2-1-300x300.jpg\" class=\"attachment-medium size-medium\" alt=\"\" srcset=\"https:\/\/dextera.lt\/wp-content\/uploads\/2026\/01\/2-1-300x300.jpg 300w, https:\/\/dextera.lt\/wp-content\/uploads\/2026\/01\/2-1-1024x1024.jpg 1024w, https:\/\/dextera.lt\/wp-content\/uploads\/2026\/01\/2-1-150x150.jpg 150w, https:\/\/dextera.lt\/wp-content\/uploads\/2026\/01\/2-1-768x768.jpg 768w, https:\/\/dextera.lt\/wp-content\/uploads\/2026\/01\/2-1-160x160.jpg 160w, https:\/\/dextera.lt\/wp-content\/uploads\/2026\/01\/2-1-750x750.jpg 750w, https:\/\/dextera.lt\/wp-content\/uploads\/2026\/01\/2-1.jpg 1200w\" sizes=\"auto, (max-width: 300px) 100vw, 300px\" loading=\"lazy\" \/>\n\t\t\t<\/div><\/figure><figure class='gallery-item'>\n\t\t\t<div class='gallery-icon landscape'>\n\t\t\t\t<img decoding=\"async\" width=\"300\" height=\"300\" src=\"https:\/\/dextera.lt\/wp-content\/uploads\/2026\/01\/3-1-300x300.jpg\" class=\"attachment-medium size-medium\" alt=\"\" srcset=\"https:\/\/dextera.lt\/wp-content\/uploads\/2026\/01\/3-1-300x300.jpg 300w, https:\/\/dextera.lt\/wp-content\/uploads\/2026\/01\/3-1-1024x1024.jpg 1024w, https:\/\/dextera.lt\/wp-content\/uploads\/2026\/01\/3-1-150x150.jpg 150w, https:\/\/dextera.lt\/wp-content\/uploads\/2026\/01\/3-1-768x768.jpg 768w, https:\/\/dextera.lt\/wp-content\/uploads\/2026\/01\/3-1-160x160.jpg 160w, https:\/\/dextera.lt\/wp-content\/uploads\/2026\/01\/3-1-750x750.jpg 750w, https:\/\/dextera.lt\/wp-content\/uploads\/2026\/01\/3-1.jpg 1200w\" sizes=\"auto, (max-width: 300px) 100vw, 300px\" loading=\"lazy\" \/>\n\t\t\t<\/div><\/figure>\n\t\t<\/div>\n\n<div class=\"qMYqUG_convSearchResultHighlightRoot\">\n<div class=\"\" data-turn-id-container=\"request-6a8d490d-c6d8-83eb-895b-aeb319670f18-6\" data-is-intersecting=\"true\">\n<section class=\"text-token-text-primary w-full focus:outline-none has-data-writing-block:pointer-events-none [&amp;:has([data-writing-block])&gt;*]:pointer-events-auto R6Vx5W_threadScrollVars scroll-mb-[calc(var(--scroll-root-safe-area-inset-bottom,0px)+var(--thread-response-height))] scroll-mt-[calc(var(--header-height)+min(200px,max(70px,20svh)))]\" dir=\"auto\" data-turn-id=\"request-6a8d490d-c6d8-83eb-895b-aeb319670f18-6\" data-turn-id-container=\"request-6a8d490d-c6d8-83eb-895b-aeb319670f18-6\" data-testid=\"conversation-turn-22\" data-turn=\"assistant\">\n<div class=\"text-base my-auto mx-auto pb-8 [--thread-content-margin:var(--thread-content-margin-xs,calc(var(--spacing)*4))] @w-sm\/main:[--thread-content-margin:var(--thread-content-margin-sm,calc(var(--spacing)*6))] @w-lg\/main:[--thread-content-margin:var(--thread-content-margin-lg,calc(var(--spacing)*16))] px-(--thread-content-margin)\">\n<div class=\"[--thread-content-max-width:40rem] @w-lg\/main:[--thread-content-max-width:48rem] mx-auto max-w-(--thread-content-max-width) flex-1 group\/turn-messages focus-visible:outline-hidden @[53.5rem]\/main:[--thread-content-max-width:48rem] relative flex w-full min-w-0 flex-col agent-turn\" data-conversation-screenshot-content=\"\">\n<div class=\"flex max-w-full flex-col gap-4 grow\">\n<div class=\"min-h-8 text-message relative flex w-full flex-col items-end gap-2 text-start break-words whitespace-normal outline-none keyboard-focused:focus-ring [.text-message+&amp;]:mt-1\" dir=\"auto\" tabindex=\"0\" data-message-author-role=\"assistant\" data-message-id=\"b1bd0cba-fcaa-578c-824a-0aeee8e9f6c0\" data-turn-start-message=\"true\" data-message-model-slug=\"gpt-5.6-sol-wm\">\n<div class=\"flex w-full flex-col gap-1 empty:hidden\">\n<div class=\"fbskMG_root markdown prose dark:prose-invert wrap-break-word w-full light markdown-new-styling\">\n<p data-start=\"0\" data-end=\"278\">\u00c0 l\u2019occasion de notre 30\u1d49 anniversaire, nous ne nous contentons pas de dresser le bilan des r\u00e9sultats obtenus : nous continuerons \u00e0 investir de mani\u00e8re cibl\u00e9e dans les solutions durables, notre \u00e9quipe, l\u2019innovation, l\u2019automatisation, de nouveaux produits et de nouveaux march\u00e9s.<\/p>\n<p data-start=\"280\" data-end=\"792\">En 2025, nous avons d\u00e9velopp\u00e9 nos infrastructures en acqu\u00e9rant plus de 2 500 m\u00b2 suppl\u00e9mentaires de locaux de production et de stockage. Nous avons \u00e9galement consid\u00e9rablement enrichi notre gamme de produits d\u2019ext\u00e9rieur avec des abris pour voitures, des pergolas pour barbecues et des abris de jardin. Cette expansion nous permet de proposer un \u00e9ventail encore plus large de solutions compl\u00e8tes, destin\u00e9es aussi bien aux habitations priv\u00e9es qu\u2019aux b\u00e2timents professionnels, en alliant esth\u00e9tique et fonctionnalit\u00e9.<\/p>\n<h6 data-start=\"794\" data-end=\"885\"><span role=\"text\"><strong data-start=\"801\" data-end=\"885\">Que souhaitez-vous \u00e0 vous-m\u00eame et \u00e0 votre \u00e9quipe pour les prochaines d\u00e9cennies ?<\/strong><\/span><\/h6>\n<p data-start=\"887\" data-end=\"1305\" data-is-last-node=\"\" data-is-only-node=\"\">Notre objectif est de rester un leader des solutions de protection solaire au cours des prochaines d\u00e9cennies et de cr\u00e9er des solutions qui resteront pertinentes non seulement aujourd\u2019hui, mais aussi dans 30 ans. Je souhaite \u00e0 notre \u00e9quipe de faire preuve de courage et de confiance. Et si nous devons parfois faire un pas en arri\u00e8re, que ce soit uniquement pour prendre davantage d\u2019\u00e9lan et poursuivre notre croissance.<\/p>\n<\/div>\n<\/div>\n<\/div>\n<\/div>\n<\/div>\n<\/div>\n<\/section>\n<\/div>\n<\/div>\n<p>&nbsp;<\/p>\n","protected":false},"excerpt":{"rendered":"<p>30 ans de croissance : entretien avec \u017didr\u016bnas Gar\u0161va, directeur g\u00e9n\u00e9ral d\u2019UAB DEXTERA. L\u2019histoire de DEXTERA a commenc\u00e9 en 1996, alors que le march\u00e9 lituanien des solutions de protection solaire \u00e9tait encore en pleine \u00e9mergence. \u00c0 cette \u00e9poque, nous avons \u00e9t\u00e9 parmi les premi\u00e8res entreprises \u00e0 fabriquer des stores v\u00e9nitiens en aluminium. C\u2019\u00e9tait une d\u00e9cision [&#8230;]<\/p>\n<p><a class=\"btn btn-secondary understrap-read-more-link\" href=\"https:\/\/dextera.lt\/fr\/nouveautes\/dextera-30e-anniversaire\/\">Lire la suite&#8230;<\/a><\/p>\n","protected":false},"author":9,"featured_media":139073,"comment_status":"closed","ping_status":"closed","sticky":false,"template":"","format":"standard","meta":{"_acf_changed":false,"inline_featured_image":false,"wds_primary_category":0,"footnotes":""},"categories":[180],"tags":[],"class_list":["post-150644","post","type-post","status-publish","format-standard","has-post-thumbnail","hentry","category-nouveautes"],"acf":[],"_links":{"self":[{"href":"https:\/\/dextera.lt\/fr\/wp-json\/wp\/v2\/posts\/150644","targetHints":{"allow":["GET"]}}],"collection":[{"href":"https:\/\/dextera.lt\/fr\/wp-json\/wp\/v2\/posts"}],"about":[{"href":"https:\/\/dextera.lt\/fr\/wp-json\/wp\/v2\/types\/post"}],"author":[{"embeddable":true,"href":"https:\/\/dextera.lt\/fr\/wp-json\/wp\/v2\/users\/9"}],"replies":[{"embeddable":true,"href":"https:\/\/dextera.lt\/fr\/wp-json\/wp\/v2\/comments?post=150644"}],"version-history":[{"count":2,"href":"https:\/\/dextera.lt\/fr\/wp-json\/wp\/v2\/posts\/150644\/revisions"}],"predecessor-version":[{"id":150645,"href":"https:\/\/dextera.lt\/fr\/wp-json\/wp\/v2\/posts\/150644\/revisions\/150645"}],"wp:featuredmedia":[{"embeddable":true,"href":"https:\/\/dextera.lt\/fr\/wp-json\/wp\/v2\/media\/139073"}],"wp:attachment":[{"href":"https:\/\/dextera.lt\/fr\/wp-json\/wp\/v2\/media?parent=150644"}],"wp:term":[{"taxonomy":"category","embeddable":true,"href":"https:\/\/dextera.lt\/fr\/wp-json\/wp\/v2\/categories?post=150644"},{"taxonomy":"post_tag","embeddable":true,"href":"https:\/\/dextera.lt\/fr\/wp-json\/wp\/v2\/tags?post=150644"}],"curies":[{"name":"wp","href":"https:\/\/api.w.org\/{rel}","templated":true}]}}