{"id":150647,"date":"2026-01-29T07:30:44","date_gmt":"2026-01-29T07:30:44","guid":{"rendered":"https:\/\/dextera.lt\/dextera-svencia-30-metu-veiklos-jubilieju-nuo-ko-viskas-prasidejo\/"},"modified":"2026-08-31T06:02:25","modified_gmt":"2026-08-31T06:02:25","slug":"dextera-svencia-30-metu-veiklos-jubilieju-nuo-ko-viskas-prasidejo","status":"publish","type":"post","link":"https:\/\/dextera.lt\/de\/news\/30-jahriges-firmenjubilaum-von-dextera\/","title":{"rendered":"30 Jahre DEXTERA: Wie alles begann"},"content":{"rendered":"<div class=\"\" data-turn-id-container=\"ff3a9466-cda3-41b3-8e0a-e272ce4eec4c\" data-is-intersecting=\"true\">\n<section class=\"text-token-text-primary w-full focus:outline-none has-data-writing-block:pointer-events-none [&amp;:has([data-writing-block])&gt;*]:pointer-events-auto R6Vx5W_threadScrollVars scroll-mb-[calc(var(--scroll-root-safe-area-inset-bottom,0px)+var(--thread-response-height))] scroll-mt-(--sticky-padding-top)\" dir=\"auto\" data-turn-id=\"ff3a9466-cda3-41b3-8e0a-e272ce4eec4c\" data-turn-id-container=\"ff3a9466-cda3-41b3-8e0a-e272ce4eec4c\" data-testid=\"conversation-turn-31\" data-turn=\"user\">\n<div class=\"text-base my-auto mx-auto pt-12 [--thread-content-margin:var(--thread-content-margin-xs,calc(var(--spacing)*4))] @w-sm\/main:[--thread-content-margin:var(--thread-content-margin-sm,calc(var(--spacing)*6))] @w-lg\/main:[--thread-content-margin:var(--thread-content-margin-lg,calc(var(--spacing)*16))] px-(--thread-content-margin)\">\n<div class=\"[--thread-content-max-width:40rem] @w-lg\/main:[--thread-content-max-width:48rem] mx-auto max-w-(--thread-content-max-width) flex-1 group\/turn-messages focus-visible:outline-hidden @[53.5rem]\/main:[--thread-content-max-width:48rem] relative flex w-full min-w-0 flex-col\" data-conversation-screenshot-content=\"\">\n<div class=\"z-0 flex justify-end\">\n<section class=\"text-token-text-primary w-full focus:outline-none has-data-writing-block:pointer-events-none [&amp;:has([data-writing-block])&gt;*]:pointer-events-auto R6Vx5W_threadScrollVars scroll-mb-[calc(var(--scroll-root-safe-area-inset-bottom,0px)+var(--thread-response-height))] scroll-mt-[calc(var(--header-height)+min(200px,max(70px,20svh)))]\" dir=\"auto\" data-turn-id=\"request-6a8d490d-c6d8-83eb-895b-aeb319670f18-11\" data-turn-id-container=\"request-6a8d490d-c6d8-83eb-895b-aeb319670f18-11\" data-testid=\"conversation-turn-32\" data-turn=\"assistant\">\n<div class=\"text-base my-auto mx-auto pb-8 [--thread-content-margin:var(--thread-content-margin-xs,calc(var(--spacing)*4))] @w-sm\/main:[--thread-content-margin:var(--thread-content-margin-sm,calc(var(--spacing)*6))] @w-lg\/main:[--thread-content-margin:var(--thread-content-margin-lg,calc(var(--spacing)*16))] px-(--thread-content-margin)\">\n<div class=\"[--thread-content-max-width:40rem] @w-lg\/main:[--thread-content-max-width:48rem] mx-auto max-w-(--thread-content-max-width) flex-1 group\/turn-messages focus-visible:outline-hidden @[53.5rem]\/main:[--thread-content-max-width:48rem] min-h-8 relative flex w-full min-w-0 flex-col agent-turn\" data-conversation-screenshot-content=\"\">\n<div class=\"flex max-w-full flex-col gap-4 grow\">\n<div class=\"min-h-8 text-message relative flex w-full flex-col items-end gap-2 text-start break-words whitespace-normal outline-none keyboard-focused:focus-ring [.text-message+&amp;]:mt-1\" dir=\"auto\" tabindex=\"0\" data-message-author-role=\"assistant\" data-message-id=\"e1e91036-bff0-5611-8992-4882d733651f\" data-turn-start-message=\"true\" data-message-model-slug=\"gpt-5.6-sol-wm\">\n<div class=\"flex w-full flex-col gap-1 empty:hidden\">\n<div class=\"fbskMG_root streaming-animation markdown prose dark:prose-invert wrap-break-word w-full light markdown-new-styling\">\n<p style=\"text-align: right;\" data-start=\"0\" data-end=\"83\" data-is-last-node=\"\" data-is-only-node=\"\"><em data-start=\"0\" data-end=\"83\" data-is-last-node=\"\" data-is-only-node=\"\">30 Jahre Wachstum: Gespr\u00e4ch mit \u017didr\u016bnas Gar\u0161va, Gesch\u00e4ftsf\u00fchrer von UAB DEXTERA.<\/em><\/p>\n<\/div>\n<\/div>\n<\/div>\n<\/div>\n<\/div>\n<\/div>\n<\/section>\n<\/div>\n<\/div>\n<\/div>\n<\/section>\n<\/div>\n<p data-start=\"0\" data-end=\"627\">Die Geschichte von DEXTERA begann 1996, als sich der Markt f\u00fcr Sonnenschutzl\u00f6sungen in Litauen noch in der Entwicklungsphase befand. Damals geh\u00f6rten wir zu den ersten Unternehmen, die mit der Herstellung von Aluminiumjalousien begannen. Es war ein mutiger, zugleich aber konsequent geplanter Schritt: Wir erkannten den Bedarf an hochwertigen, funktionalen Fensterbeschattungsl\u00f6sungen und waren \u00fcberzeugt, dass dieser Markt in Litauen schnell wachsen w\u00fcrde. Von Anfang an konzentrierten wir uns auf Qualit\u00e4t, Zuverl\u00e4ssigkeit und langfristigen Mehrwert. Diese Grunds\u00e4tze bildeten das solide Fundament f\u00fcr unser weiteres Wachstum.<\/p>\n<h6 data-start=\"629\" data-end=\"718\"><span role=\"text\"><strong data-start=\"636\" data-end=\"718\">Wie haben sich DEXTERA und das Produktsortiment im Laufe der Jahre entwickelt?<\/strong><\/span><\/h6>\n<p data-start=\"720\" data-end=\"1050\">Heute verbinden viele Menschen den Namen DEXTERA in erster Linie mit Rollos und Jalousien. F\u00fcr uns ist dies ein deutlicher Beleg daf\u00fcr, dass unsere Marke auf dem Markt einen hohen Bekanntheitsgrad erreicht hat. In fast drei Jahrzehnten ist unser Unternehmen jedoch deutlich gewachsen und unser Sortiment wurde erheblich erweitert.<\/p>\n<p data-start=\"1052\" data-end=\"1606\">Von einem Hersteller eines einzigen Produkts haben wir uns zu einem Unternehmen entwickelt, das umfassende Sonnenschutzl\u00f6sungen f\u00fcr den Innen- und Au\u00dfenbereich anbietet. Heute umfasst unser Sortiment verschiedene Arten von Rollos und Jalousien, Vorh\u00e4nge, Insektenschutzsysteme sowie Au\u00dfenrolll\u00e4den, Au\u00dfenjalousien, Fassadenlamellen, Rolll\u00e4den, Garagentore, Terrassenmarkisen und bioklimatische Pergolen. Gleichzeitig haben wir automatisierte Steuerungsl\u00f6sungen entwickelt, die den heutigen Erwartungen an Komfort, Energieeffizienz und Design entsprechen.<\/p>\n<h6 data-start=\"1608\" data-end=\"1729\"><span role=\"text\"><strong data-start=\"1615\" data-end=\"1729\">Wie ist es DEXTERA gelungen, 30 Jahre lang in einem so wettbewerbsintensiven Markt zu bestehen und zu wachsen?<\/strong><\/span><\/h6>\n<p data-start=\"1731\" data-end=\"2052\">Meiner Meinung nach waren Best\u00e4ndigkeit und Anpassungsf\u00e4higkeit entscheidend. Der Markt hat in diesen Jahren mehrere Krisen erlebt, doch wir haben die Qualit\u00e4t niemals kurzfristigen Vorteilen geopfert. Wir investierten in Technologien, unser Team, unsere Prozesse sowie in langfristige Beziehungen zu Kunden und Partnern.<\/p>\n<p data-start=\"2054\" data-end=\"2255\" data-is-last-node=\"\" data-is-only-node=\"\">Dies best\u00e4tigt auch die Tatsache, dass uns 97 Prozent unserer Kunden weiterempfehlen. Ein solches Vertrauen l\u00e4sst sich nur durch verantwortungsbewusstes und langfristig ausgerichtetes Handeln gewinnen.<\/p>\n<div id='gallery-1' class='gallery galleryid-150647 gallery-columns-1 gallery-size-full'><figure class='gallery-item'>\n\t\t\t<div class='gallery-icon landscape'>\n\t\t\t\t<img decoding=\"async\" width=\"1440\" height=\"960\" src=\"https:\/\/dextera.lt\/wp-content\/uploads\/2026\/01\/DEXTERA-salonas-e1782214216771.jpg\" class=\"attachment-full size-full\" alt=\"DEXTERA salonas\" loading=\"lazy\" \/>\n\t\t\t<\/div><\/figure>\n\t\t<\/div>\n\n<h6 data-start=\"0\" data-end=\"117\"><span role=\"text\"><strong data-start=\"7\" data-end=\"117\">DEXTERA wird h\u00e4ufig als Partner von Architekten und Designern genannt. Warum entscheiden sie sich f\u00fcr Sie?<\/strong><\/span><\/h6>\n<p data-start=\"119\" data-end=\"727\" data-is-last-node=\"\" data-is-only-node=\"\">Wir legen gro\u00dfen Wert auf die Zusammenarbeit mit Architekten und Innenarchitekten, da wir wissen, dass Fensterbeschattungsl\u00f6sungen heute ein fester Bestandteil der Architektur und Innenraumgestaltung sind. Wir bieten nicht nur eine gro\u00dfe Produktauswahl, sondern auch technische Beratung. Dar\u00fcber hinaus sind wir flexibel bei der Umsetzung anspruchsvoller individueller L\u00f6sungen und bieten Materialien, mit denen sich \u00c4sthetik, Funktionalit\u00e4t und Nachhaltigkeit miteinander verbinden lassen. Unser Ziel ist es, bei der Verwirklichung von Ideen zu unterst\u00fctzen \u2013 und nicht einfach nur ein Produkt zu verkaufen.<\/p>\n<div id='gallery-2' class='gallery galleryid-150647 gallery-columns-3 gallery-size-medium'><figure class='gallery-item'>\n\t\t\t<div class='gallery-icon landscape'>\n\t\t\t\t<img decoding=\"async\" width=\"300\" height=\"157\" src=\"https:\/\/dextera.lt\/wp-content\/uploads\/2026\/01\/1200x1200-melynas-2-300x157.jpg\" class=\"attachment-medium size-medium\" alt=\"Jasinksio 2\" aria-describedby=\"gallery-2-139162\" srcset=\"https:\/\/dextera.lt\/wp-content\/uploads\/2026\/01\/1200x1200-melynas-2-300x157.jpg 300w, https:\/\/dextera.lt\/wp-content\/uploads\/2026\/01\/1200x1200-melynas-2-1024x536.jpg 1024w, https:\/\/dextera.lt\/wp-content\/uploads\/2026\/01\/1200x1200-melynas-2-768x402.jpg 768w, https:\/\/dextera.lt\/wp-content\/uploads\/2026\/01\/1200x1200-melynas-2-160x84.jpg 160w, https:\/\/dextera.lt\/wp-content\/uploads\/2026\/01\/1200x1200-melynas-2-750x393.jpg 750w, https:\/\/dextera.lt\/wp-content\/uploads\/2026\/01\/1200x1200-melynas-2.jpg 1200w\" sizes=\"auto, (max-width: 300px) 100vw, 300px\" loading=\"lazy\" \/>\n\t\t\t<\/div>\n\t\t\t\t<figcaption class='wp-caption-text gallery-caption' id='gallery-2-139162'>\n\t\t\t\tGesch\u00e4ftszentrum JASINSKIO 2\n\t\t\t\t<\/figcaption><\/figure><figure class='gallery-item'>\n\t\t\t<div class='gallery-icon landscape'>\n\t\t\t\t<img decoding=\"async\" width=\"300\" height=\"157\" src=\"https:\/\/dextera.lt\/wp-content\/uploads\/2026\/01\/1200x1200-melynas-300x157.jpg\" class=\"attachment-medium size-medium\" alt=\"FLOW\" aria-describedby=\"gallery-2-139172\" srcset=\"https:\/\/dextera.lt\/wp-content\/uploads\/2026\/01\/1200x1200-melynas-300x157.jpg 300w, https:\/\/dextera.lt\/wp-content\/uploads\/2026\/01\/1200x1200-melynas-1024x536.jpg 1024w, https:\/\/dextera.lt\/wp-content\/uploads\/2026\/01\/1200x1200-melynas-768x402.jpg 768w, https:\/\/dextera.lt\/wp-content\/uploads\/2026\/01\/1200x1200-melynas-160x84.jpg 160w, https:\/\/dextera.lt\/wp-content\/uploads\/2026\/01\/1200x1200-melynas-750x393.jpg 750w, https:\/\/dextera.lt\/wp-content\/uploads\/2026\/01\/1200x1200-melynas.jpg 1200w\" sizes=\"auto, (max-width: 300px) 100vw, 300px\" loading=\"lazy\" \/>\n\t\t\t<\/div>\n\t\t\t\t<figcaption class='wp-caption-text gallery-caption' id='gallery-2-139172'>\n\t\t\t\tGesch\u00e4ftszentrum FLOW\n\t\t\t\t<\/figcaption><\/figure><figure class='gallery-item'>\n\t\t\t<div class='gallery-icon landscape'>\n\t\t\t\t<img decoding=\"async\" width=\"300\" height=\"157\" src=\"https:\/\/dextera.lt\/wp-content\/uploads\/2026\/01\/1200x1200-melynas-3-300x157.jpg\" class=\"attachment-medium size-medium\" alt=\"Klaip\u0117dos muzikinis tatras\" aria-describedby=\"gallery-2-139167\" srcset=\"https:\/\/dextera.lt\/wp-content\/uploads\/2026\/01\/1200x1200-melynas-3-300x157.jpg 300w, https:\/\/dextera.lt\/wp-content\/uploads\/2026\/01\/1200x1200-melynas-3-1024x536.jpg 1024w, https:\/\/dextera.lt\/wp-content\/uploads\/2026\/01\/1200x1200-melynas-3-768x402.jpg 768w, https:\/\/dextera.lt\/wp-content\/uploads\/2026\/01\/1200x1200-melynas-3-160x84.jpg 160w, https:\/\/dextera.lt\/wp-content\/uploads\/2026\/01\/1200x1200-melynas-3-750x393.jpg 750w, https:\/\/dextera.lt\/wp-content\/uploads\/2026\/01\/1200x1200-melynas-3.jpg 1200w\" sizes=\"auto, (max-width: 300px) 100vw, 300px\" loading=\"lazy\" \/>\n\t\t\t<\/div>\n\t\t\t\t<figcaption class='wp-caption-text gallery-caption' id='gallery-2-139167'>\n\t\t\t\tStaatliches Musiktheater Klaip\u0117da\n\t\t\t\t<\/figcaption><\/figure>\n\t\t<\/div>\n\n<h6 data-start=\"0\" data-end=\"78\"><span role=\"text\"><strong data-start=\"7\" data-end=\"78\">Welche Projekte spiegeln die Kompetenz von DEXTERA am besten wider?<\/strong><\/span><\/h6>\n<p data-start=\"80\" data-end=\"590\">Im Laufe ihrer T\u00e4tigkeit hat DEXTERA Hunderte gro\u00dfe Projekte in Litauen und im Ausland realisiert. Die Sonnenschutzl\u00f6sungen des Unternehmens wurden unter anderem im Gesch\u00e4ftszentrum \u201e3 BUR\u0116S\u201c in Vilnius sowie in den Geb\u00e4uden \u201ePENTA\u201c, \u201eFLOW\u201c, \u201eHERO\u201c, \u201eJASINSKIO 2\u201c und \u201eTechnopolis\u201c, im Innovationszentrum Aleksotas in Kaunas, im Kinderkrankenhaus Santaros, im Staatlichen Musiktheater Klaip\u0117da sowie bei \u201eContinental\u201c, \u201eGirteka\u201c, \u201eLIMEDIKA\u201c, LIDL und weiteren \u00f6ffentlichen und gewerblichen Geb\u00e4uden eingesetzt.<\/p>\n<p data-start=\"592\" data-end=\"898\" data-is-last-node=\"\" data-is-only-node=\"\">Diese Projekte zeigen die Erfahrung von DEXTERA bei der Umsetzung gro\u00df angelegter und architektonisch anspruchsvoller Vorhaben, die ein hohes Ma\u00df an technischer Kompetenz und eine enge Zusammenarbeit mit Architekten und Auftragnehmern erfordern. Genau darin liegt eine der gr\u00f6\u00dften St\u00e4rken des Unternehmens.<\/p>\n<div id='gallery-3' class='gallery galleryid-150647 gallery-columns-3 gallery-size-medium'><figure class='gallery-item'>\n\t\t\t<div class='gallery-icon portrait'>\n\t\t\t\t<img decoding=\"async\" width=\"169\" height=\"300\" src=\"https:\/\/dextera.lt\/wp-content\/uploads\/2026\/01\/Untitled-design1-169x300.jpg\" class=\"attachment-medium size-medium\" alt=\"Limedika\" aria-describedby=\"gallery-3-139129\" srcset=\"https:\/\/dextera.lt\/wp-content\/uploads\/2026\/01\/Untitled-design1-169x300.jpg 169w, https:\/\/dextera.lt\/wp-content\/uploads\/2026\/01\/Untitled-design1-576x1024.jpg 576w, https:\/\/dextera.lt\/wp-content\/uploads\/2026\/01\/Untitled-design1-768x1365.jpg 768w, https:\/\/dextera.lt\/wp-content\/uploads\/2026\/01\/Untitled-design1-864x1536.jpg 864w, https:\/\/dextera.lt\/wp-content\/uploads\/2026\/01\/Untitled-design1-90x160.jpg 90w, https:\/\/dextera.lt\/wp-content\/uploads\/2026\/01\/Untitled-design1-750x1333.jpg 750w, https:\/\/dextera.lt\/wp-content\/uploads\/2026\/01\/Untitled-design1.jpg 1080w\" sizes=\"auto, (max-width: 169px) 100vw, 169px\" loading=\"lazy\" \/>\n\t\t\t<\/div>\n\t\t\t\t<figcaption class='wp-caption-text gallery-caption' id='gallery-3-139129'>\n\t\t\t\tLIMEDIKA \n\t\t\t\t<\/figcaption><\/figure><figure class='gallery-item'>\n\t\t\t<div class='gallery-icon portrait'>\n\t\t\t\t<img decoding=\"async\" width=\"169\" height=\"300\" src=\"https:\/\/dextera.lt\/wp-content\/uploads\/2026\/01\/Untitled-design2-1-169x300.jpg\" class=\"attachment-medium size-medium\" alt=\"LIDL\" aria-describedby=\"gallery-3-139134\" srcset=\"https:\/\/dextera.lt\/wp-content\/uploads\/2026\/01\/Untitled-design2-1-169x300.jpg 169w, https:\/\/dextera.lt\/wp-content\/uploads\/2026\/01\/Untitled-design2-1-576x1024.jpg 576w, https:\/\/dextera.lt\/wp-content\/uploads\/2026\/01\/Untitled-design2-1-768x1365.jpg 768w, https:\/\/dextera.lt\/wp-content\/uploads\/2026\/01\/Untitled-design2-1-864x1536.jpg 864w, https:\/\/dextera.lt\/wp-content\/uploads\/2026\/01\/Untitled-design2-1-90x160.jpg 90w, https:\/\/dextera.lt\/wp-content\/uploads\/2026\/01\/Untitled-design2-1-750x1333.jpg 750w, https:\/\/dextera.lt\/wp-content\/uploads\/2026\/01\/Untitled-design2-1.jpg 1080w\" sizes=\"auto, (max-width: 169px) 100vw, 169px\" loading=\"lazy\" \/>\n\t\t\t<\/div>\n\t\t\t\t<figcaption class='wp-caption-text gallery-caption' id='gallery-3-139134'>\n\t\t\t\tLIDL Lietuva \n\t\t\t\t<\/figcaption><\/figure><figure class='gallery-item'>\n\t\t\t<div class='gallery-icon portrait'>\n\t\t\t\t<img decoding=\"async\" width=\"169\" height=\"300\" src=\"https:\/\/dextera.lt\/wp-content\/uploads\/2026\/01\/Untitled-design3-169x300.jpg\" class=\"attachment-medium size-medium\" alt=\"\" aria-describedby=\"gallery-3-139139\" srcset=\"https:\/\/dextera.lt\/wp-content\/uploads\/2026\/01\/Untitled-design3-169x300.jpg 169w, https:\/\/dextera.lt\/wp-content\/uploads\/2026\/01\/Untitled-design3-576x1024.jpg 576w, https:\/\/dextera.lt\/wp-content\/uploads\/2026\/01\/Untitled-design3-768x1365.jpg 768w, https:\/\/dextera.lt\/wp-content\/uploads\/2026\/01\/Untitled-design3-864x1536.jpg 864w, https:\/\/dextera.lt\/wp-content\/uploads\/2026\/01\/Untitled-design3-90x160.jpg 90w, https:\/\/dextera.lt\/wp-content\/uploads\/2026\/01\/Untitled-design3-750x1333.jpg 750w, https:\/\/dextera.lt\/wp-content\/uploads\/2026\/01\/Untitled-design3.jpg 1080w\" sizes=\"auto, (max-width: 169px) 100vw, 169px\" loading=\"lazy\" \/>\n\t\t\t<\/div>\n\t\t\t\t<figcaption class='wp-caption-text gallery-caption' id='gallery-3-139139'>\n\t\t\t\tKulturzentrum Kaunas\n\t\t\t\t<\/figcaption><\/figure>\n\t\t<\/div>\n\n<h6 data-start=\"0\" data-end=\"86\"><span role=\"text\"><strong data-start=\"7\" data-end=\"86\">Welche Bedeutung haben Nachhaltigkeit und \u00f6kologische L\u00f6sungen f\u00fcr DEXTERA?<\/strong><\/span><\/h6>\n<p data-start=\"88\" data-end=\"637\">Nachhaltigkeit ist heute keine Option mehr, sondern eine Notwendigkeit. Deshalb setzen wir aktiv auf \u00f6kologische L\u00f6sungen: Wir verwenden luftreinigende Stoffe, deren Wirksamkeit wissenschaftlich belegt ist, nutzen recycelbare Materialien und suchen kontinuierlich nach M\u00f6glichkeiten, unsere Auswirkungen auf die Umwelt zu reduzieren. Dar\u00fcber hinaus arbeiten wir mit internationalen Partnern zusammen, die h\u00f6chste Umweltstandards einhalten. Dies ist nicht nur eine Investition in unser Unternehmen, sondern auch in die Zukunft kommender Generationen.<\/p>\n<h6 data-start=\"639\" data-end=\"769\"><span role=\"text\"><strong data-start=\"646\" data-end=\"769\">Wie sieht DEXTERA seine Zukunft nach 30 Jahren Gesch\u00e4ftst\u00e4tigkeit und welche Schwerpunkte sind heute besonders wichtig?<\/strong><\/span><\/h6>\n<p data-start=\"771\" data-end=\"1278\" data-is-last-node=\"\" data-is-only-node=\"\">Wir sehen die Zukunft von DEXTERA als konsequente Fortsetzung unserer langj\u00e4hrigen Erfahrung \u2013 getragen von harter Arbeit, der F\u00e4higkeit, sich schnell an Marktver\u00e4nderungen anzupassen, und dem respektvollen Umgang mit unseren Kunden. Gleichzeitig ist dieses Jubil\u00e4um eine gro\u00dfe Anerkennung f\u00fcr unser gesamtes Team \u2013 f\u00fcr all jene, die DEXTERA in jeder Entwicklungsphase mit aufgebaut, weiterentwickelt und gest\u00e4rkt haben. Diese Erfahrung bedeutet f\u00fcr uns jedoch auch eine klare Verpflichtung f\u00fcr die Zukunft.<\/p>\n<div id='gallery-4' class='gallery galleryid-150647 gallery-columns-3 gallery-size-medium'><figure class='gallery-item'>\n\t\t\t<div class='gallery-icon landscape'>\n\t\t\t\t<img decoding=\"async\" width=\"300\" height=\"300\" src=\"https:\/\/dextera.lt\/wp-content\/uploads\/2026\/01\/1-1-300x300.jpg\" class=\"attachment-medium size-medium\" alt=\"\" srcset=\"https:\/\/dextera.lt\/wp-content\/uploads\/2026\/01\/1-1-300x300.jpg 300w, https:\/\/dextera.lt\/wp-content\/uploads\/2026\/01\/1-1-1024x1024.jpg 1024w, https:\/\/dextera.lt\/wp-content\/uploads\/2026\/01\/1-1-150x150.jpg 150w, https:\/\/dextera.lt\/wp-content\/uploads\/2026\/01\/1-1-768x768.jpg 768w, https:\/\/dextera.lt\/wp-content\/uploads\/2026\/01\/1-1-160x160.jpg 160w, https:\/\/dextera.lt\/wp-content\/uploads\/2026\/01\/1-1-750x750.jpg 750w, https:\/\/dextera.lt\/wp-content\/uploads\/2026\/01\/1-1.jpg 1200w\" sizes=\"auto, (max-width: 300px) 100vw, 300px\" loading=\"lazy\" \/>\n\t\t\t<\/div><\/figure><figure class='gallery-item'>\n\t\t\t<div class='gallery-icon landscape'>\n\t\t\t\t<img decoding=\"async\" width=\"300\" height=\"300\" src=\"https:\/\/dextera.lt\/wp-content\/uploads\/2026\/01\/2-1-300x300.jpg\" class=\"attachment-medium size-medium\" alt=\"\" srcset=\"https:\/\/dextera.lt\/wp-content\/uploads\/2026\/01\/2-1-300x300.jpg 300w, https:\/\/dextera.lt\/wp-content\/uploads\/2026\/01\/2-1-1024x1024.jpg 1024w, https:\/\/dextera.lt\/wp-content\/uploads\/2026\/01\/2-1-150x150.jpg 150w, https:\/\/dextera.lt\/wp-content\/uploads\/2026\/01\/2-1-768x768.jpg 768w, https:\/\/dextera.lt\/wp-content\/uploads\/2026\/01\/2-1-160x160.jpg 160w, https:\/\/dextera.lt\/wp-content\/uploads\/2026\/01\/2-1-750x750.jpg 750w, https:\/\/dextera.lt\/wp-content\/uploads\/2026\/01\/2-1.jpg 1200w\" sizes=\"auto, (max-width: 300px) 100vw, 300px\" loading=\"lazy\" \/>\n\t\t\t<\/div><\/figure><figure class='gallery-item'>\n\t\t\t<div class='gallery-icon landscape'>\n\t\t\t\t<img decoding=\"async\" width=\"300\" height=\"300\" src=\"https:\/\/dextera.lt\/wp-content\/uploads\/2026\/01\/3-1-300x300.jpg\" class=\"attachment-medium size-medium\" alt=\"\" srcset=\"https:\/\/dextera.lt\/wp-content\/uploads\/2026\/01\/3-1-300x300.jpg 300w, https:\/\/dextera.lt\/wp-content\/uploads\/2026\/01\/3-1-1024x1024.jpg 1024w, https:\/\/dextera.lt\/wp-content\/uploads\/2026\/01\/3-1-150x150.jpg 150w, https:\/\/dextera.lt\/wp-content\/uploads\/2026\/01\/3-1-768x768.jpg 768w, https:\/\/dextera.lt\/wp-content\/uploads\/2026\/01\/3-1-160x160.jpg 160w, https:\/\/dextera.lt\/wp-content\/uploads\/2026\/01\/3-1-750x750.jpg 750w, https:\/\/dextera.lt\/wp-content\/uploads\/2026\/01\/3-1.jpg 1200w\" sizes=\"auto, (max-width: 300px) 100vw, 300px\" loading=\"lazy\" \/>\n\t\t\t<\/div><\/figure>\n\t\t<\/div>\n\n<p data-start=\"0\" data-end=\"255\">Anl\u00e4sslich unseres 30-j\u00e4hrigen Firmenjubil\u00e4ums beschr\u00e4nken wir uns nicht nur auf einen R\u00fcckblick auf das Erreichte. Wir werden auch weiterhin gezielt in nachhaltige L\u00f6sungen, unser Team, Innovationen, Automatisierung, neue Produkte und M\u00e4rkte investieren.<\/p>\n<p data-start=\"257\" data-end=\"722\">Im Jahr 2025 haben wir unsere Infrastruktur erweitert und zus\u00e4tzliche Produktions- und Lagerfl\u00e4chen von mehr als 2.500 m\u00b2 erworben. Gleichzeitig haben wir unser Sortiment an Outdoor-Produkten erheblich ausgebaut: um Carports, BBQ-Pergolen und Gartenh\u00e4user. Diese Erweiterung erm\u00f6glicht es uns, sowohl f\u00fcr Privath\u00e4user als auch f\u00fcr gewerbliche Objekte ein noch breiteres Spektrum an Komplettl\u00f6sungen anzubieten, die \u00c4sthetik und Funktionalit\u00e4t miteinander verbinden.<\/p>\n<h6 data-start=\"724\" data-end=\"801\"><span role=\"text\"><strong data-start=\"731\" data-end=\"801\">Was w\u00fcnschen Sie sich und Ihrem Team f\u00fcr die kommenden Jahrzehnte?<\/strong><\/span><\/h6>\n<p data-start=\"803\" data-end=\"1182\" data-is-last-node=\"\" data-is-only-node=\"\">Unser Ziel ist es, auch in den kommenden Jahrzehnten f\u00fchrend im Bereich der Sonnenschutzl\u00f6sungen zu bleiben und L\u00f6sungen zu entwickeln, die nicht nur heute, sondern auch in weiteren 30 Jahren relevant sein werden. Ich w\u00fcnsche unserem Team Mut und Zuversicht. Und falls wir einmal einen Schritt zur\u00fcckgehen m\u00fcssen, dann nur, um noch mehr Schwung f\u00fcr weiteres Wachstum zu gewinnen.<\/p>\n","protected":false},"excerpt":{"rendered":"<p>30 Jahre Wachstum: Gespr\u00e4ch mit \u017didr\u016bnas Gar\u0161va, Gesch\u00e4ftsf\u00fchrer von UAB DEXTERA. Die Geschichte von DEXTERA begann 1996, als sich der Markt f\u00fcr Sonnenschutzl\u00f6sungen in Litauen noch in der Entwicklungsphase befand. Damals geh\u00f6rten wir zu den ersten Unternehmen, die mit der Herstellung von Aluminiumjalousien begannen. Es war ein mutiger, zugleich aber konsequent geplanter Schritt: Wir erkannten [&#8230;]<\/p>\n<p><a class=\"btn btn-secondary understrap-read-more-link\" href=\"https:\/\/dextera.lt\/de\/news\/30-jahriges-firmenjubilaum-von-dextera\/\">Weiterlesen&#8230;<\/a><\/p>\n","protected":false},"author":9,"featured_media":139074,"comment_status":"closed","ping_status":"closed","sticky":false,"template":"","format":"standard","meta":{"_acf_changed":false,"inline_featured_image":false,"wds_primary_category":0,"footnotes":""},"categories":[283],"tags":[],"class_list":["post-150647","post","type-post","status-publish","format-standard","has-post-thumbnail","hentry","category-news-de"],"acf":[],"_links":{"self":[{"href":"https:\/\/dextera.lt\/de\/wp-json\/wp\/v2\/posts\/150647","targetHints":{"allow":["GET"]}}],"collection":[{"href":"https:\/\/dextera.lt\/de\/wp-json\/wp\/v2\/posts"}],"about":[{"href":"https:\/\/dextera.lt\/de\/wp-json\/wp\/v2\/types\/post"}],"author":[{"embeddable":true,"href":"https:\/\/dextera.lt\/de\/wp-json\/wp\/v2\/users\/9"}],"replies":[{"embeddable":true,"href":"https:\/\/dextera.lt\/de\/wp-json\/wp\/v2\/comments?post=150647"}],"version-history":[{"count":3,"href":"https:\/\/dextera.lt\/de\/wp-json\/wp\/v2\/posts\/150647\/revisions"}],"predecessor-version":[{"id":150650,"href":"https:\/\/dextera.lt\/de\/wp-json\/wp\/v2\/posts\/150647\/revisions\/150650"}],"wp:featuredmedia":[{"embeddable":true,"href":"https:\/\/dextera.lt\/de\/wp-json\/wp\/v2\/media\/139074"}],"wp:attachment":[{"href":"https:\/\/dextera.lt\/de\/wp-json\/wp\/v2\/media?parent=150647"}],"wp:term":[{"taxonomy":"category","embeddable":true,"href":"https:\/\/dextera.lt\/de\/wp-json\/wp\/v2\/categories?post=150647"},{"taxonomy":"post_tag","embeddable":true,"href":"https:\/\/dextera.lt\/de\/wp-json\/wp\/v2\/tags?post=150647"}],"curies":[{"name":"wp","href":"https:\/\/api.w.org\/{rel}","templated":true}]}}